{"id":11816,"date":"2017-05-12T07:52:55","date_gmt":"2017-05-12T13:52:55","guid":{"rendered":"http:\/\/madridcomunica.com\/?p=11816"},"modified":"2022-10-18T09:28:54","modified_gmt":"2022-10-18T14:28:54","slug":"practica-de-campo-a-puebla-e-hidalgo","status":"publish","type":"post","link":"https:\/\/madridcomunica.com\/?p=11816","title":{"rendered":"Pr\u00e1ctica de campo a Puebla e Hidalgo."},"content":{"rendered":"<p style=\"text-align: justify;\"><img loading=\"lazy\" decoding=\"async\" class=\"alignleft wp-image-25131 size-full\" src=\"http:\/\/madridcomunica.comwp-content\/uploads\/2017\/05\/PUEBLA-E-HIDALGO.jpeg\" alt=\"\" width=\"301\" height=\"200\" \/>El 26 de abril salimos del colegio y nos dirigimos primero a CONAGUA (Comisi\u00f3n Nacional del Agua), en las oficinas nos explicaron qu\u00e9 funci\u00f3n tiene esta comisi\u00f3n, los problemas que han ocurrido a lo largo del tiempo en el lago de Texcoco y c\u00f3mo lo ha afectado la construcci\u00f3n del nuevo aeropuerto. Despu\u00e9s de ir a las oficinas nos llevaron a la planta donde tratan el agua, nos explicaron el proceso de tratamiento y c\u00f3mo los factores qu\u00edmicos y biol\u00f3gicos ayudan a este proceso.<\/p>\r\n<p style=\"text-align: justify;\">De ah\u00ed nos dirigimos a Hidalgo, al Parque Nacional el Chico, donde el personal la CONANP nos explic\u00f3 muchas cosas de este parque y realizamos una caminata por el bosque, en la que vimos el tipo de flora y fauna que habita esta zona.<\/p>\r\n<p style=\"text-align: justify;\"><img loading=\"lazy\" decoding=\"async\" class=\"alignleft wp-image-25132 size-full\" src=\"http:\/\/madridcomunica.comwp-content\/uploads\/2017\/05\/PUEBLA-E-HIDALGO-1.jpeg\" alt=\"\" width=\"297\" height=\"200\" \/>El segundo d\u00eda nos dirigimos a la Reserva de la bi\u00f3sfera \u201cBarrancas de Metztitl\u00e1n\u201d, donde nos dieron una visita guiada por el jard\u00edn bot\u00e1nico, en esta zona el ecosistema predominante es matorral xer\u00f3filo, por ello la explicaci\u00f3n se centr\u00f3 en las cact\u00e1ceas y pudimos apreciar varias que se encuentran en peligro de extinci\u00f3n. De ah\u00ed nos dirigimos a la Unidad de manejo ambiental (UMA) \u201cviejo cactus\u201d donde nos dieron una explicaci\u00f3n de la reserva, la flora y fauna que habita en este lugar, los requisitos para tener permiso de la UMA; tambi\u00e9n nos dieron un taller de germinaci\u00f3n y finalmente tuvimos la oportunidad de comprar plantas de ornato de muchas especies y tama\u00f1os.<\/p>\r\n<p style=\"text-align: justify;\"><img loading=\"lazy\" decoding=\"async\" class=\"alignleft wp-image-25133 size-full\" src=\"http:\/\/madridcomunica.comwp-content\/uploads\/2017\/05\/PUEBLA-E-HIDALGO-2.jpeg\" alt=\"\" width=\"316\" height=\"200\" \/>Los \u00faltimos dos d\u00edas fueron nuestros favoritos, porque el viernes llegamos a Ocomantla, donde hicimos algunas actividades con los j\u00f3venes de la telesecundaria sobre la importancia y extracci\u00f3n de plantas medicinales, de ah\u00ed nos llevaron a la microempresa de miel que est\u00e1 al lado de la reserva Kolijke. En la microempresa nos explicaron la importancia de las abejas y que es lo que hacen y las funciones de esta microempresa, lo cual es incre\u00edble porque nos explicaron, entre tantas cosas, que las abejas est\u00e1n teniendo serios problemas porque las flores est\u00e1n produciendo mucho menos n\u00e9ctar lo cual causa que mueran, lo que hace la microempresa es hacerle unas cajas (colmenas artificiales) que les facilitan el trabajo de producci\u00f3n de miel.<\/p>\r\n<iframe loading=\"lazy\" title=\"Pr\u00e1ctica de campo Puebla - Hidalgo\" width=\"500\" height=\"281\" src=\"https:\/\/www.youtube.com\/embed\/TDVRBCP2J2E?feature=oembed\" frameborder=\"0\" allow=\"accelerometer; autoplay; clipboard-write; encrypted-media; gyroscope; picture-in-picture; web-share\" referrerpolicy=\"strict-origin-when-cross-origin\" allowfullscreen><\/iframe>\r\n<p style=\"text-align: justify;\">Despu\u00e9s de la explicaci\u00f3n en la microempresa no llevaron a la reserva Kolijke, que fue lo mejor de la pr\u00e1ctica. Es una reserva que est\u00e1 construida por la familia Ojeda Valverde, ah\u00ed nos quedamos hasta el s\u00e1bado donde nos dieron caminata guiada en la ma\u00f1ana del s\u00e1bado, nos llevaron a una cascada y a una poza. Adem\u00e1s de que nos explicaron la diversidad de especies y plantas que habitan en esa zona. \u00a0 En la escuela siempre nos han ense\u00f1ado sobre la biodiversidad que tenemos en M\u00e9xico y lo importante que es, pero nos volvemos m\u00e1s conscientes de esto hasta que lo vemos. En esta pr\u00e1ctica aprendimos muchas cosas, fue una experiencia inolvidable e incre\u00edble. Es la mejor pr\u00e1ctica a la que hemos ido. Porque te das cuenta que en tan poco territorio puedes conocer distintos ecosistemas.<\/p>\r\n<p style=\"text-align: justify;\">Alumnos de Opci\u00f3n B<\/p>","protected":false},"excerpt":{"rendered":"El 26 de abril salimos del colegio y nos dirigimos primero a CONAGUA (Comisi\u00f3n Nacional del Agua), en las oficinas nos explicaron qu\u00e9 funci\u00f3n tiene esta comisi\u00f3n, los problemas que han ocurrido a lo largo del tiempo en el lago de Texcoco y c\u00f3mo lo ha afectado la construcci\u00f3n del nuevo aeropuerto. Despu\u00e9s de ir [&hellip;]","protected":false},"author":1,"featured_media":25131,"comment_status":"open","ping_status":"open","sticky":false,"template":"","format":"standard","meta":{"_crdt_document":"","_jetpack_memberships_contains_paid_content":false,"footnotes":""},"categories":[7,3],"tags":[],"class_list":["post-11816","post","type-post","status-publish","format-standard","has-post-thumbnail","hentry","category-bachillerato","category-general"],"aioseo_notices":[],"jetpack_featured_media_url":"https:\/\/www.madridcomunica.com\/wp-content\/uploads\/2017\/05\/PUEBLA-E-HIDALGO.jpeg","jetpack_sharing_enabled":true,"_links":{"self":[{"href":"https:\/\/madridcomunica.com\/index.php?rest_route=\/wp\/v2\/posts\/11816","targetHints":{"allow":["GET"]}}],"collection":[{"href":"https:\/\/madridcomunica.com\/index.php?rest_route=\/wp\/v2\/posts"}],"about":[{"href":"https:\/\/madridcomunica.com\/index.php?rest_route=\/wp\/v2\/types\/post"}],"author":[{"embeddable":true,"href":"https:\/\/madridcomunica.com\/index.php?rest_route=\/wp\/v2\/users\/1"}],"replies":[{"embeddable":true,"href":"https:\/\/madridcomunica.com\/index.php?rest_route=%2Fwp%2Fv2%2Fcomments&post=11816"}],"version-history":[{"count":3,"href":"https:\/\/madridcomunica.com\/index.php?rest_route=\/wp\/v2\/posts\/11816\/revisions"}],"predecessor-version":[{"id":25134,"href":"https:\/\/madridcomunica.com\/index.php?rest_route=\/wp\/v2\/posts\/11816\/revisions\/25134"}],"wp:featuredmedia":[{"embeddable":true,"href":"https:\/\/madridcomunica.com\/index.php?rest_route=\/wp\/v2\/media\/25131"}],"wp:attachment":[{"href":"https:\/\/madridcomunica.com\/index.php?rest_route=%2Fwp%2Fv2%2Fmedia&parent=11816"}],"wp:term":[{"taxonomy":"category","embeddable":true,"href":"https:\/\/madridcomunica.com\/index.php?rest_route=%2Fwp%2Fv2%2Fcategories&post=11816"},{"taxonomy":"post_tag","embeddable":true,"href":"https:\/\/madridcomunica.com\/index.php?rest_route=%2Fwp%2Fv2%2Ftags&post=11816"}],"curies":[{"name":"wp","href":"https:\/\/api.w.org\/{rel}","templated":true}]}}