{"id":11834,"date":"2017-05-16T07:11:58","date_gmt":"2017-05-16T13:11:58","guid":{"rendered":"http:\/\/madridcomunica.com\/?p=11834"},"modified":"2022-10-18T09:25:58","modified_gmt":"2022-10-18T14:25:58","slug":"degustaciones-del-taller-de-cocina","status":"publish","type":"post","link":"https:\/\/madridcomunica.com\/?p=11834","title":{"rendered":"Degustaciones del taller de cocina."},"content":{"rendered":"<p style=\"text-align: justify;\">Los d\u00edas 9, 10 y 11 de mayo, los alumnos del taller de cocina de 1\u00ba, 2\u00ba y 3\u00ba de secundaria presentaron su muestra gastron\u00f3mica con el objetivo de compartir con familiares, compa\u00f1eros y miembros de la comunidad algunos de los platillos preparados en el taller como parte del programa. Esta actividad se llev\u00f3 a cabo con mucho entusiasmo y compromiso.<\/p>\r\n<p style=\"text-align: justify;\">Muchas felicidades a todos los participantes y gracias a los invitados por su asistencia y comentarios, esperamos que hayan disfrutado de un tiempo agradable y deleite a los sentidos.<\/p>\r\n<p style=\"text-align: justify;\">Aprovecho para despedirme con mucho cari\u00f1o de la incre\u00edble generaci\u00f3n de 3\u00ba, \u00a1muchas gracias chicos y \u00e9xito, adelante!!!!!!<\/p>\r\n<p style=\"text-align: justify;\">Alba Bucio Cordero.<\/p>\r\n<p style=\"text-align: justify;\"><img loading=\"lazy\" decoding=\"async\" class=\"wp-image-25129 size-full aligncenter\" src=\"http:\/\/madridcomunica.comwp-content\/uploads\/2017\/05\/TALLER-COCINA.jpeg\" alt=\"\" width=\"500\" height=\"157\" srcset=\"https:\/\/www.madridcomunica.com\/wp-content\/uploads\/2017\/05\/TALLER-COCINA.jpeg 500w, https:\/\/www.madridcomunica.com\/wp-content\/uploads\/2017\/05\/TALLER-COCINA-400x126.jpeg 400w\" sizes=\"auto, (max-width: 500px) 100vw, 500px\" \/><\/p>","protected":false},"excerpt":{"rendered":"Los d\u00edas 9, 10 y 11 de mayo, los alumnos del taller de cocina de 1\u00ba, 2\u00ba y 3\u00ba de secundaria presentaron su muestra gastron\u00f3mica con el objetivo de compartir con familiares, compa\u00f1eros y miembros de la comunidad algunos de los platillos preparados en el taller como parte del programa. Esta actividad se llev\u00f3 a [&hellip;]","protected":false},"author":1,"featured_media":25129,"comment_status":"open","ping_status":"open","sticky":false,"template":"","format":"standard","meta":{"_crdt_document":"","_jetpack_memberships_contains_paid_content":false,"footnotes":""},"categories":[3,6],"tags":[],"class_list":["post-11834","post","type-post","status-publish","format-standard","has-post-thumbnail","hentry","category-general","category-secundaria"],"aioseo_notices":[],"jetpack_featured_media_url":"https:\/\/www.madridcomunica.com\/wp-content\/uploads\/2017\/05\/TALLER-COCINA.jpeg","jetpack_sharing_enabled":true,"_links":{"self":[{"href":"https:\/\/madridcomunica.com\/index.php?rest_route=\/wp\/v2\/posts\/11834","targetHints":{"allow":["GET"]}}],"collection":[{"href":"https:\/\/madridcomunica.com\/index.php?rest_route=\/wp\/v2\/posts"}],"about":[{"href":"https:\/\/madridcomunica.com\/index.php?rest_route=\/wp\/v2\/types\/post"}],"author":[{"embeddable":true,"href":"https:\/\/madridcomunica.com\/index.php?rest_route=\/wp\/v2\/users\/1"}],"replies":[{"embeddable":true,"href":"https:\/\/madridcomunica.com\/index.php?rest_route=%2Fwp%2Fv2%2Fcomments&post=11834"}],"version-history":[{"count":4,"href":"https:\/\/madridcomunica.com\/index.php?rest_route=\/wp\/v2\/posts\/11834\/revisions"}],"predecessor-version":[{"id":25130,"href":"https:\/\/madridcomunica.com\/index.php?rest_route=\/wp\/v2\/posts\/11834\/revisions\/25130"}],"wp:featuredmedia":[{"embeddable":true,"href":"https:\/\/madridcomunica.com\/index.php?rest_route=\/wp\/v2\/media\/25129"}],"wp:attachment":[{"href":"https:\/\/madridcomunica.com\/index.php?rest_route=%2Fwp%2Fv2%2Fmedia&parent=11834"}],"wp:term":[{"taxonomy":"category","embeddable":true,"href":"https:\/\/madridcomunica.com\/index.php?rest_route=%2Fwp%2Fv2%2Fcategories&post=11834"},{"taxonomy":"post_tag","embeddable":true,"href":"https:\/\/madridcomunica.com\/index.php?rest_route=%2Fwp%2Fv2%2Ftags&post=11834"}],"curies":[{"name":"wp","href":"https:\/\/api.w.org\/{rel}","templated":true}]}}