{"id":17518,"date":"2019-11-01T08:17:52","date_gmt":"2019-11-01T14:17:52","guid":{"rendered":"https:\/\/www.madridcomunica.com\/?p=17518"},"modified":"2019-11-01T08:17:52","modified_gmt":"2019-11-01T14:17:52","slug":"catrinas-de-ayer-y-hoy-en-biblioteca","status":"publish","type":"post","link":"https:\/\/madridcomunica.com\/?p=17518","title":{"rendered":"Catrinas de ayer y hoy en Biblioteca"},"content":{"rendered":"<p style=\"text-align: right;\"><em>El que se va se lleva su memoria,<\/em><\/p>\r\n<p style=\"text-align: right;\"><em>su modo de ser r\u00edo, de ser aire, <\/em><\/p>\r\n<p style=\"text-align: right;\"><em>de ser adi\u00f3s y nunca.<\/em><\/p>\r\n<p style=\"text-align: right;\"><\/p>\r\n<p style=\"text-align: right;\">(<em>Amor, <\/em>de Rosario Castellanos).<\/p>\r\n<p style=\"text-align: justify;\"><\/p>\r\n<p style=\"text-align: justify;\"><img loading=\"lazy\" decoding=\"async\" class=\"alignleft wp-image-17519\" src=\"http:\/\/madridcomunica.comwp-content\/uploads\/2019\/11\/Ofrenda-Biblioteca-495x512.jpg\" alt=\"\" width=\"400\" height=\"414\" srcset=\"https:\/\/www.madridcomunica.com\/wp-content\/uploads\/2019\/11\/Ofrenda-Biblioteca-495x512.jpg 495w, https:\/\/www.madridcomunica.com\/wp-content\/uploads\/2019\/11\/Ofrenda-Biblioteca-193x200.jpg 193w, https:\/\/www.madridcomunica.com\/wp-content\/uploads\/2019\/11\/Ofrenda-Biblioteca-768x794.jpg 768w\" sizes=\"auto, (max-width: 400px) 100vw, 400px\" \/>La memoria de algunas mujeres escritoras, cient\u00edficas y artistas forman parte de la mesa literaria y ofrenda de muertos que lleva por nombre <strong><em>Catrinas de ayer y hoy<\/em><\/strong>. Homenaje cultural que podemos visitar del <strong>31 de octubre al 7 de noviembre <\/strong>en la sala de la Biblioteca general.<\/p>\r\n<p style=\"text-align: justify;\">Dentro de Biblioteca encontraremos algunas mujeres representadas con el t\u00edpico atuendo lleno de flores, al estilo de las catrinas de Jos\u00e9 Guadalupe Posada y por supuesto con algunos de sus libros representativos.<\/p>\r\n<p style=\"text-align: justify;\">Acompa\u00f1a esta ofrenda algunos objetos de indumentaria femenina y gastronom\u00eda, as\u00ed como un enterramiento azteca en honor a los ancestros que nos precedieron en la fiesta de los muertos.<\/p>\r\n<p style=\"text-align: justify;\">Las catrinas letradas, cient\u00edficas y artistas, son por \u00e9poca en que vivieron las siguientes:<\/p>\r\n<p style=\"text-align: justify;\"><em>Sor Juana In\u00e9s de la Cruz (mexicana nacida en Nepantla, 1648-1695).<\/em><\/p>\r\n<p style=\"text-align: justify;\"><em>Marie Curie (polaca, 1895-1906).<\/em><\/p>\r\n<p style=\"text-align: justify;\"><em>Antonieta Rivas Mercado (mexicana de la ciudad de M\u00e9xico, 1900-1931).<\/em><\/p>\r\n<p style=\"text-align: justify;\"><em>Frida Kahlo (mexicana de Coyoac\u00e1n, 1907-1954).<\/em><\/p>\r\n<p style=\"text-align: justify;\"><em>Leonora Carrington (inglesa, 1917-2011).<\/em><\/p>\r\n<p style=\"text-align: justify;\"><em>Clarice Lispector (ucraniana, 1920-1977).<\/em><\/p>\r\n<p style=\"text-align: justify;\"><em>Rosario Castellanos (mexicana nacida en Chiapas, 1925-1974).<\/em><\/p>\r\n<p style=\"text-align: justify;\">A todas ellas dedicamos la festividad de muertos para que sus aportes culturales y cient\u00edficos sirvan en \u00e9poca actual para entender los cambios y las transformaciones en el tiempo.<\/p>\r\n<p style=\"text-align: justify;\">Los invitamos a visitar la ofrenda y adem\u00e1s a conocer parte del acervo de estas grandes mujeres hoy convertidas en catrinas a mucha honra.<\/p>\r\n<p style=\"text-align: justify;\"><strong>Montaje de Biblioteca<\/strong>: Lourdes Aguilar, Gabriela Fabila, Gustavo Ort\u00edz y Samuel Rivero.<\/p>\r\n<p style=\"text-align: justify;\"><\/p>\r\n&nbsp;\r\n\r\n&nbsp;\r\n\r\n<em>\u00a0<\/em>","protected":false},"excerpt":{"rendered":"El que se va se lleva su memoria, su modo de ser r\u00edo, de ser aire, de ser adi\u00f3s y nunca. (Amor, de Rosario Castellanos). La memoria de algunas mujeres escritoras, cient\u00edficas y artistas forman parte de la mesa literaria y ofrenda de muertos que lleva por nombre Catrinas de ayer y hoy. Homenaje cultural [&hellip;]","protected":false},"author":1,"featured_media":17519,"comment_status":"open","ping_status":"open","sticky":false,"template":"","format":"standard","meta":{"_crdt_document":"","_jetpack_memberships_contains_paid_content":false,"footnotes":""},"categories":[3,20],"tags":[],"class_list":["post-17518","post","type-post","status-publish","format-standard","has-post-thumbnail","hentry","category-general","category-biblio"],"aioseo_notices":[],"jetpack_featured_media_url":"https:\/\/www.madridcomunica.com\/wp-content\/uploads\/2019\/11\/Ofrenda-Biblioteca.jpg","jetpack_sharing_enabled":true,"_links":{"self":[{"href":"https:\/\/madridcomunica.com\/index.php?rest_route=\/wp\/v2\/posts\/17518","targetHints":{"allow":["GET"]}}],"collection":[{"href":"https:\/\/madridcomunica.com\/index.php?rest_route=\/wp\/v2\/posts"}],"about":[{"href":"https:\/\/madridcomunica.com\/index.php?rest_route=\/wp\/v2\/types\/post"}],"author":[{"embeddable":true,"href":"https:\/\/madridcomunica.com\/index.php?rest_route=\/wp\/v2\/users\/1"}],"replies":[{"embeddable":true,"href":"https:\/\/madridcomunica.com\/index.php?rest_route=%2Fwp%2Fv2%2Fcomments&post=17518"}],"version-history":[{"count":1,"href":"https:\/\/madridcomunica.com\/index.php?rest_route=\/wp\/v2\/posts\/17518\/revisions"}],"predecessor-version":[{"id":17520,"href":"https:\/\/madridcomunica.com\/index.php?rest_route=\/wp\/v2\/posts\/17518\/revisions\/17520"}],"wp:featuredmedia":[{"embeddable":true,"href":"https:\/\/madridcomunica.com\/index.php?rest_route=\/wp\/v2\/media\/17519"}],"wp:attachment":[{"href":"https:\/\/madridcomunica.com\/index.php?rest_route=%2Fwp%2Fv2%2Fmedia&parent=17518"}],"wp:term":[{"taxonomy":"category","embeddable":true,"href":"https:\/\/madridcomunica.com\/index.php?rest_route=%2Fwp%2Fv2%2Fcategories&post=17518"},{"taxonomy":"post_tag","embeddable":true,"href":"https:\/\/madridcomunica.com\/index.php?rest_route=%2Fwp%2Fv2%2Ftags&post=17518"}],"curies":[{"name":"wp","href":"https:\/\/api.w.org\/{rel}","templated":true}]}}